{"id":3694,"date":"2018-04-07T13:26:03","date_gmt":"2018-04-07T13:26:03","guid":{"rendered":"http:\/\/nordwind.info\/?p=3694"},"modified":"2019-01-29T06:50:26","modified_gmt":"2019-01-29T06:50:26","slug":"test-2","status":"publish","type":"post","link":"https:\/\/nordwind.info\/?p=3694","title":{"rendered":"Europa in B\u00fcren &#8211; GCB2VN"},"content":{"rendered":"<p style=\"text-align: justify;\"><a href=\"http:\/\/nordwind.info\/wp-content\/uploads\/2018\/04\/Event_Bueren.jpg\"><img loading=\"lazy\" decoding=\"async\" class=\"alignright size-medium wp-image-3755\" src=\"http:\/\/nordwind.info\/wp-content\/uploads\/2018\/04\/Event_Bueren-300x125.jpg\" alt=\"\" width=\"300\" height=\"125\" srcset=\"https:\/\/nordwind.info\/wp-content\/uploads\/2018\/04\/Event_Bueren-300x125.jpg 300w, https:\/\/nordwind.info\/wp-content\/uploads\/2018\/04\/Event_Bueren.jpg 480w\" sizes=\"auto, (max-width: 300px) 100vw, 300px\" \/><\/a>Vom 06.-08.05.2018 wurde zum Europa-Tour-Event nach B\u00fcren eingeladen. Wie bereits im Vorjahr wurde dieses Spektakel wieder von der Stadt B\u00fcren unterst\u00fctzt. Das Orga-Team begr\u00fc\u00dfte am Samstag p\u00fcnktlich um 10:00 Uhr im Innenhof des Rathauses die angereisten G\u00e4ste. Gleichzeitig wurden zahlreiche neue Geocache rund um B\u00fcren ver\u00f6ffentlicht, wodurch wir in den Genuss einer spannenden Wanderung bei allerbesten Fr\u00fchlingswetter \u00fcber etwa 10 Kilometer kamen.<\/p>\n<p style=\"text-align: justify;\">Obligatorisch, wie bei jedem gr\u00f6\u00dferen Event war auch hier eine kleine H\u00e4ndlermeile, wo es jede Menge Informationen sowie die M\u00f6glichkeit f\u00fcr einen Imbiss gab. Auch diesen Jahr hat sich f\u00fcr uns die Reise nach B\u00fcren wieder gelohnt, da wir hier viele alten und neue Gesichter trafen.<\/p>\n","protected":false},"excerpt":{"rendered":"<p>Vom 06.-08.05.2018 wurde zum Europa-Tour-Event nach B\u00fcren eingeladen. Wie bereits im Vorjahr wurde dieses Spektakel wieder von der Stadt B\u00fcren unterst\u00fctzt. Das Orga-Team begr\u00fc\u00dfte am Samstag p\u00fcnktlich um 10:00 Uhr im Innenhof des Rathauses die angereisten G\u00e4ste. Gleichzeitig wurden zahlreiche &hellip; <a href=\"https:\/\/nordwind.info\/?p=3694\">Weiterlesen <span class=\"meta-nav\">&rarr;<\/span><\/a><\/p>\n","protected":false},"author":1,"featured_media":0,"comment_status":"closed","ping_status":"closed","sticky":false,"template":"","format":"standard","meta":{"footnotes":""},"categories":[79],"tags":[],"class_list":["post-3694","post","type-post","status-publish","format-standard","hentry","category-eventtours"],"_links":{"self":[{"href":"https:\/\/nordwind.info\/index.php?rest_route=\/wp\/v2\/posts\/3694","targetHints":{"allow":["GET"]}}],"collection":[{"href":"https:\/\/nordwind.info\/index.php?rest_route=\/wp\/v2\/posts"}],"about":[{"href":"https:\/\/nordwind.info\/index.php?rest_route=\/wp\/v2\/types\/post"}],"author":[{"embeddable":true,"href":"https:\/\/nordwind.info\/index.php?rest_route=\/wp\/v2\/users\/1"}],"replies":[{"embeddable":true,"href":"https:\/\/nordwind.info\/index.php?rest_route=%2Fwp%2Fv2%2Fcomments&post=3694"}],"version-history":[{"count":5,"href":"https:\/\/nordwind.info\/index.php?rest_route=\/wp\/v2\/posts\/3694\/revisions"}],"predecessor-version":[{"id":4555,"href":"https:\/\/nordwind.info\/index.php?rest_route=\/wp\/v2\/posts\/3694\/revisions\/4555"}],"wp:attachment":[{"href":"https:\/\/nordwind.info\/index.php?rest_route=%2Fwp%2Fv2%2Fmedia&parent=3694"}],"wp:term":[{"taxonomy":"category","embeddable":true,"href":"https:\/\/nordwind.info\/index.php?rest_route=%2Fwp%2Fv2%2Fcategories&post=3694"},{"taxonomy":"post_tag","embeddable":true,"href":"https:\/\/nordwind.info\/index.php?rest_route=%2Fwp%2Fv2%2Ftags&post=3694"}],"curies":[{"name":"wp","href":"https:\/\/api.w.org\/{rel}","templated":true}]}}