{"id":338,"date":"1992-06-17T06:34:27","date_gmt":"1992-06-17T06:34:27","guid":{"rendered":"http:\/\/nordwind.info\/?p=338"},"modified":"2019-10-25T04:37:06","modified_gmt":"2019-10-25T04:37:06","slug":"gran-canaria","status":"publish","type":"post","link":"https:\/\/nordwind.info\/?p=338","title":{"rendered":"Gran Canaria 1992"},"content":{"rendered":"<p style=\"text-align: justify;\">Gran Canaria ist mit einer Fl\u00e4che von 1560,1\u00a0km\u00b2 nach Teneriffa und Fuerteventura die drittgr\u00f6\u00dfte der Kanarischen Inseln, einer Autonomen Gemeinschaft Spaniens. Die ann\u00e4hernd kreisf\u00f6rmige Insel hat einen Durchmesser von etwa 50 Kilometern und eine K\u00fcstenl\u00e4nge von rund 236 Kilometern. Gemessen an der Bev\u00f6lkerung ist Gran Canaria nach Teneriffa die zweitgr\u00f6\u00dfte Insel der Kanaren. Die Hauptstadt ist Las Palmas de Gran Canaria. Im Jahr 2015 hatte die Insel 847.830 Einwohner. <a href=\"https:\/\/de.wikipedia.org\/wiki\/Gran_Canaria\" target=\"_blank\" rel=\"noopener noreferrer\">Wikipedia<\/a><\/p>\n<div id=\"mapp0_layout\" class=\"mapp-layout\" style=\"width: 640px; \"><div id=\"mapp0_links\" class=\"mapp-map-links\"><\/div><div id=\"mapp0_dialog\" class=\"mapp-dialog\"><\/div><div id=\"mapp0\" class=\"mapp-canvas\" style=\"width: 100%; height: 480px; \"><\/div><div id=\"mapp0_directions\" class=\"mapp-directions\" style=\"width:100%\"><\/div><div id=\"mapp0_poi_list\" class=\"mapp-poi-list\" style=\"width:100%\"><\/div><\/div>\n<p>Kartenauszug Google Maps<\/p>\n","protected":false},"excerpt":{"rendered":"<p>Gran Canaria ist mit einer Fl\u00e4che von 1560,1\u00a0km\u00b2 nach Teneriffa und Fuerteventura die drittgr\u00f6\u00dfte der Kanarischen Inseln, einer Autonomen Gemeinschaft Spaniens. Die ann\u00e4hernd kreisf\u00f6rmige Insel hat einen Durchmesser von etwa 50 Kilometern und eine K\u00fcstenl\u00e4nge von rund 236 Kilometern. Gemessen &hellip; <a href=\"https:\/\/nordwind.info\/?p=338\">Weiterlesen <span class=\"meta-nav\">&rarr;<\/span><\/a><\/p>\n","protected":false},"author":1,"featured_media":0,"comment_status":"closed","ping_status":"closed","sticky":false,"template":"","format":"standard","meta":{"footnotes":""},"categories":[26,12],"tags":[],"class_list":["post-338","post","type-post","status-publish","format-standard","hentry","category-1992-gran-canariaesp","category-traveltours"],"_links":{"self":[{"href":"https:\/\/nordwind.info\/index.php?rest_route=\/wp\/v2\/posts\/338","targetHints":{"allow":["GET"]}}],"collection":[{"href":"https:\/\/nordwind.info\/index.php?rest_route=\/wp\/v2\/posts"}],"about":[{"href":"https:\/\/nordwind.info\/index.php?rest_route=\/wp\/v2\/types\/post"}],"author":[{"embeddable":true,"href":"https:\/\/nordwind.info\/index.php?rest_route=\/wp\/v2\/users\/1"}],"replies":[{"embeddable":true,"href":"https:\/\/nordwind.info\/index.php?rest_route=%2Fwp%2Fv2%2Fcomments&post=338"}],"version-history":[{"count":4,"href":"https:\/\/nordwind.info\/index.php?rest_route=\/wp\/v2\/posts\/338\/revisions"}],"predecessor-version":[{"id":6673,"href":"https:\/\/nordwind.info\/index.php?rest_route=\/wp\/v2\/posts\/338\/revisions\/6673"}],"wp:attachment":[{"href":"https:\/\/nordwind.info\/index.php?rest_route=%2Fwp%2Fv2%2Fmedia&parent=338"}],"wp:term":[{"taxonomy":"category","embeddable":true,"href":"https:\/\/nordwind.info\/index.php?rest_route=%2Fwp%2Fv2%2Fcategories&post=338"},{"taxonomy":"post_tag","embeddable":true,"href":"https:\/\/nordwind.info\/index.php?rest_route=%2Fwp%2Fv2%2Ftags&post=338"}],"curies":[{"name":"wp","href":"https:\/\/api.w.org\/{rel}","templated":true}]}}