{"id":334,"date":"1993-06-17T06:32:14","date_gmt":"1993-06-17T06:32:14","guid":{"rendered":"http:\/\/nordwind.info\/?p=334"},"modified":"2017-09-15T08:58:33","modified_gmt":"2017-09-15T08:58:33","slug":"menorcaspanien","status":"publish","type":"post","link":"https:\/\/nordwind.info\/?p=334","title":{"rendered":"Menorca\/Spanien"},"content":{"rendered":"<p style=\"text-align: justify;\"><a href=\"http:\/\/nordwind.info\/?attachment_id=335\" rel=\"attachment wp-att-335\"><img loading=\"lazy\" decoding=\"async\" class=\"alignright size-medium wp-image-335\" src=\"http:\/\/nordwind.info\/wp-content\/uploads\/2017\/08\/La_Vall-300x225.jpg\" alt=\"\" width=\"300\" height=\"225\" srcset=\"https:\/\/nordwind.info\/wp-content\/uploads\/2017\/08\/La_Vall-300x225.jpg 300w, https:\/\/nordwind.info\/wp-content\/uploads\/2017\/08\/La_Vall-768x576.jpg 768w, https:\/\/nordwind.info\/wp-content\/uploads\/2017\/08\/La_Vall.jpg 800w\" sizes=\"auto, (max-width: 300px) 100vw, 300px\" \/><\/a>Menorca\u00a0ist die \u00f6stlichste und n\u00f6rdlichste Insel der\u00a0spanischen\u00a0autonomen Region\u00a0Balearen. Ihr katalanischer Name bedeutet \u201edie Kleinere\u201c, im Gegensatz zu\u00a0Mallorca, \u201edie Gr\u00f6\u00dfere\u201c. Auf Menorca leben 94.875 Einwohner (2011) auf 694 km\u00b2. Die Haupt-stadt ist\u00a0Ma\u00f3. Von Kap\u00a0<i>La Mola<\/i>\u00a0bis\u00a0<i>Bajoli<\/i>\u00a0ist die Insel etwa 50\u00a0Kilometer lang und in Nord-S\u00fcd-Richtung 16\u00a0Kilometer breit.<\/p>\n<p style=\"text-align: justify;\"><a href=\"http:\/\/nordwind.info\/?attachment_id=336\" rel=\"attachment wp-att-336\"><img loading=\"lazy\" decoding=\"async\" class=\"alignleft size-medium wp-image-336\" src=\"http:\/\/nordwind.info\/wp-content\/uploads\/2017\/08\/Calan_Turqueta-300x225.jpg\" alt=\"\" width=\"300\" height=\"225\" srcset=\"https:\/\/nordwind.info\/wp-content\/uploads\/2017\/08\/Calan_Turqueta-300x225.jpg 300w, https:\/\/nordwind.info\/wp-content\/uploads\/2017\/08\/Calan_Turqueta-768x576.jpg 768w, https:\/\/nordwind.info\/wp-content\/uploads\/2017\/08\/Calan_Turqueta.jpg 800w\" sizes=\"auto, (max-width: 300px) 100vw, 300px\" \/><\/a>Durch die sp\u00e4te\u00a0Erschlie\u00dfung durch den Tourismus wurde Menorca vor gro\u00dfen Hotelbauten und Zersiedelung weitgehend bewahrt. Heute steht fast die H\u00e4lfte der Insel unter Landschafts- und\u00a0Naturschutz. Viele unbebaute Str\u00e4nde und Landschaften sind somit erhalten geblieben. Menorca ist deshalb ein Ziel sowohl f\u00fcr Natur- und Kulturinteressierte als auch f\u00fcr Badeg\u00e4ste. Siehe auch <a href=\"https:\/\/de.wikipedia.org\/wiki\/Menorca\">Wikipedia<\/a><\/p>\n<div id=\"mapp0_layout\" class=\"mapp-layout\" style=\"width: 640px; \"><div id=\"mapp0_links\" class=\"mapp-map-links\"><\/div><div id=\"mapp0_dialog\" class=\"mapp-dialog\"><\/div><div id=\"mapp0\" class=\"mapp-canvas\" style=\"width: 100%; height: 480px; \"><\/div><div id=\"mapp0_directions\" class=\"mapp-directions\" style=\"width:100%\"><\/div><div id=\"mapp0_poi_list\" class=\"mapp-poi-list\" style=\"width:100%\"><\/div><\/div>\n<p>Kartenauszug Google Maps<\/p>\n","protected":false},"excerpt":{"rendered":"<p>Menorca\u00a0ist die \u00f6stlichste und n\u00f6rdlichste Insel der\u00a0spanischen\u00a0autonomen Region\u00a0Balearen. Ihr katalanischer Name bedeutet \u201edie Kleinere\u201c, im Gegensatz zu\u00a0Mallorca, \u201edie Gr\u00f6\u00dfere\u201c. Auf Menorca leben 94.875 Einwohner (2011) auf 694 km\u00b2. Die Haupt-stadt ist\u00a0Ma\u00f3. Von Kap\u00a0La Mola\u00a0bis\u00a0Bajoli\u00a0ist die Insel etwa 50\u00a0Kilometer lang und &hellip; <a href=\"https:\/\/nordwind.info\/?p=334\">Weiterlesen <span class=\"meta-nav\">&rarr;<\/span><\/a><\/p>\n","protected":false},"author":1,"featured_media":0,"comment_status":"closed","ping_status":"closed","sticky":false,"template":"","format":"standard","meta":{"footnotes":""},"categories":[64,12],"tags":[],"class_list":["post-334","post","type-post","status-publish","format-standard","hentry","category-1993-menorcaesp","category-traveltours"],"_links":{"self":[{"href":"https:\/\/nordwind.info\/index.php?rest_route=\/wp\/v2\/posts\/334","targetHints":{"allow":["GET"]}}],"collection":[{"href":"https:\/\/nordwind.info\/index.php?rest_route=\/wp\/v2\/posts"}],"about":[{"href":"https:\/\/nordwind.info\/index.php?rest_route=\/wp\/v2\/types\/post"}],"author":[{"embeddable":true,"href":"https:\/\/nordwind.info\/index.php?rest_route=\/wp\/v2\/users\/1"}],"replies":[{"embeddable":true,"href":"https:\/\/nordwind.info\/index.php?rest_route=%2Fwp%2Fv2%2Fcomments&post=334"}],"version-history":[{"count":2,"href":"https:\/\/nordwind.info\/index.php?rest_route=\/wp\/v2\/posts\/334\/revisions"}],"predecessor-version":[{"id":1060,"href":"https:\/\/nordwind.info\/index.php?rest_route=\/wp\/v2\/posts\/334\/revisions\/1060"}],"wp:attachment":[{"href":"https:\/\/nordwind.info\/index.php?rest_route=%2Fwp%2Fv2%2Fmedia&parent=334"}],"wp:term":[{"taxonomy":"category","embeddable":true,"href":"https:\/\/nordwind.info\/index.php?rest_route=%2Fwp%2Fv2%2Fcategories&post=334"},{"taxonomy":"post_tag","embeddable":true,"href":"https:\/\/nordwind.info\/index.php?rest_route=%2Fwp%2Fv2%2Ftags&post=334"}],"curies":[{"name":"wp","href":"https:\/\/api.w.org\/{rel}","templated":true}]}}