{"id":377,"date":"2017-04-08T03:34:37","date_gmt":"2017-04-08T03:34:37","guid":{"rendered":"http:\/\/nordwind.info\/?p=377"},"modified":"2017-11-29T07:09:32","modified_gmt":"2017-11-29T07:09:32","slug":"schoenecken-08-04-bis-15-04-2017","status":"publish","type":"post","link":"http:\/\/nordwind.info\/?p=377","title":{"rendered":"Sch\u00f6necken \u2013 08.04. bis 15.04.2017"},"content":{"rendered":"<p style=\"text-align: justify;\"><a href=\"http:\/\/nordwind.info\/wp-content\/uploads\/2017\/04\/Schoenecken.jpg\"><img loading=\"lazy\" decoding=\"async\" class=\"alignleft size-medium wp-image-1426\" src=\"http:\/\/nordwind.info\/wp-content\/uploads\/2017\/04\/Schoenecken-300x169.jpg\" alt=\"\" width=\"300\" height=\"169\" srcset=\"http:\/\/nordwind.info\/wp-content\/uploads\/2017\/04\/Schoenecken-300x169.jpg 300w, http:\/\/nordwind.info\/wp-content\/uploads\/2017\/04\/Schoenecken-768x432.jpg 768w, http:\/\/nordwind.info\/wp-content\/uploads\/2017\/04\/Schoenecken-1024x576.jpg 1024w, http:\/\/nordwind.info\/wp-content\/uploads\/2017\/04\/Schoenecken.jpg 1920w\" sizes=\"auto, (max-width: 300px) 100vw, 300px\" \/><\/a>F\u00fcr eine Woche ging es nach Sch\u00f6necken in die Eifel, um das Saarland, sowie Belgien und Luxemburg zu erkunden. Sch\u00f6necken ist eine Ortsgemeinde in der Westeifel im Eifelkreis Bitburg-Pr\u00fcm in Rheinland-Pfalz und geh\u00f6rt der Verbandsgemeinde Pr\u00fcm an. Sch\u00f6necken ist ein anerkannter Fremden-verkehrsort. <a href=\"https:\/\/de.wikipedia.org\/wiki\/Sch%C3%B6necken\">Wikipedia<\/a><\/p>\n<div id=\"mapp0_layout\" class=\"mapp-layout\" style=\"width: 640px; \"><div id=\"mapp0_links\" class=\"mapp-map-links\"><\/div><div id=\"mapp0_dialog\" class=\"mapp-dialog\"><\/div><div id=\"mapp0\" class=\"mapp-canvas\" style=\"width: 100%; height: 480px; \"><\/div><div id=\"mapp0_directions\" class=\"mapp-directions\" style=\"width:100%\"><\/div><div id=\"mapp0_poi_list\" class=\"mapp-poi-list\" style=\"width:100%\"><\/div><\/div>\n<p>Ausgesuchte Trails fanden wir rund um Nonnweiler, sowie in Belgien und Luxemburg.<\/p>\n","protected":false},"excerpt":{"rendered":"<p>F\u00fcr eine Woche ging es nach Sch\u00f6necken in die Eifel, um das Saarland, sowie Belgien und Luxemburg zu erkunden. Sch\u00f6necken ist eine Ortsgemeinde in der Westeifel im Eifelkreis Bitburg-Pr\u00fcm in Rheinland-Pfalz und geh\u00f6rt der Verbandsgemeinde Pr\u00fcm an. Sch\u00f6necken ist ein &hellip; <a href=\"http:\/\/nordwind.info\/?p=377\">Weiterlesen <span class=\"meta-nav\">&rarr;<\/span><\/a><\/p>\n","protected":false},"author":1,"featured_media":0,"comment_status":"closed","ping_status":"closed","sticky":false,"template":"","format":"standard","meta":{"footnotes":""},"categories":[43,12],"tags":[],"class_list":["post-377","post","type-post","status-publish","format-standard","hentry","category-2017-eifel-saarland","category-traveltours"],"_links":{"self":[{"href":"http:\/\/nordwind.info\/index.php?rest_route=\/wp\/v2\/posts\/377","targetHints":{"allow":["GET"]}}],"collection":[{"href":"http:\/\/nordwind.info\/index.php?rest_route=\/wp\/v2\/posts"}],"about":[{"href":"http:\/\/nordwind.info\/index.php?rest_route=\/wp\/v2\/types\/post"}],"author":[{"embeddable":true,"href":"http:\/\/nordwind.info\/index.php?rest_route=\/wp\/v2\/users\/1"}],"replies":[{"embeddable":true,"href":"http:\/\/nordwind.info\/index.php?rest_route=%2Fwp%2Fv2%2Fcomments&post=377"}],"version-history":[{"count":6,"href":"http:\/\/nordwind.info\/index.php?rest_route=\/wp\/v2\/posts\/377\/revisions"}],"predecessor-version":[{"id":1832,"href":"http:\/\/nordwind.info\/index.php?rest_route=\/wp\/v2\/posts\/377\/revisions\/1832"}],"wp:attachment":[{"href":"http:\/\/nordwind.info\/index.php?rest_route=%2Fwp%2Fv2%2Fmedia&parent=377"}],"wp:term":[{"taxonomy":"category","embeddable":true,"href":"http:\/\/nordwind.info\/index.php?rest_route=%2Fwp%2Fv2%2Fcategories&post=377"},{"taxonomy":"post_tag","embeddable":true,"href":"http:\/\/nordwind.info\/index.php?rest_route=%2Fwp%2Fv2%2Ftags&post=377"}],"curies":[{"name":"wp","href":"https:\/\/api.w.org\/{rel}","templated":true}]}}