{"id":297,"date":"1986-08-11T05:40:41","date_gmt":"1986-08-11T05:40:41","guid":{"rendered":"http:\/\/nordwind.info\/?p=297"},"modified":"2019-10-25T04:30:41","modified_gmt":"2019-10-25T04:30:41","slug":"297","status":"publish","type":"post","link":"http:\/\/nordwind.info\/?p=297","title":{"rendered":"Mager\u00f8ya \/ Nordkapp"},"content":{"rendered":"<div class=\"entry-content\">\n<p style=\"text-align: justify;\">Mit meinem Kumpel Helmut ging es am 04. August 1986 in Richtung Skandinavien. Nach einer wundersch\u00f6nen Tour entlang der Norwegischen Westk\u00fcste mit seinen Fjorden und Wasserf\u00e4llen erreichten wir am 11.08.1986 unser n\u00f6rdlichstes Ziel \u2013 das Nordkap.<\/p>\n<p style=\"text-align: justify;\"><a href=\"http:\/\/nordwind.info\/?attachment_id=298\" rel=\"attachment wp-att-298\"><img loading=\"lazy\" decoding=\"async\" class=\"alignright size-full wp-image-298\" src=\"http:\/\/nordwind.info\/wp-content\/uploads\/2017\/08\/Nordkap-1.jpg\" alt=\"\" width=\"640\" height=\"127\" srcset=\"http:\/\/nordwind.info\/wp-content\/uploads\/2017\/08\/Nordkap-1.jpg 640w, http:\/\/nordwind.info\/wp-content\/uploads\/2017\/08\/Nordkap-1-300x60.jpg 300w\" sizes=\"auto, (max-width: 640px) 100vw, 640px\" \/><\/a><\/p>\n<p style=\"text-align: justify;\"><a href=\"http:\/\/nordwind.info\/?attachment_id=299\" rel=\"attachment wp-att-299\"><img loading=\"lazy\" decoding=\"async\" class=\"alignright size-medium wp-image-299\" src=\"http:\/\/nordwind.info\/wp-content\/uploads\/2017\/08\/Nordkap-2-191x300.jpg\" alt=\"\" width=\"191\" height=\"300\" srcset=\"http:\/\/nordwind.info\/wp-content\/uploads\/2017\/08\/Nordkap-2-191x300.jpg 191w, http:\/\/nordwind.info\/wp-content\/uploads\/2017\/08\/Nordkap-2.jpg 382w\" sizes=\"auto, (max-width: 191px) 100vw, 191px\" \/><\/a>Das\u00a0Nordkap\u00a0<i>(Nordkapplat\u00e5et)<\/i>\u00a0ist ein steil aus dem\u00a0Eismeer\u00a0emporragendes Schieferplateau (Kap) auf der\u00a0norwegischen\u00a0Insel\u00a0Mager\u00f8ya\u00a0und befindet sich auf dem Gebiet der nach ihm benannten\u00a0Kommune\u00a0Nordkapp. Es liegt auf 71\u00b0\u00a010\u2032\u00a016\u2033 n\u00f6rdlicher\u00a0Breite, rund 2100\u00a0Kilometer vom\u00a0Nordpol\u00a0entfernt und 514\u00a0Kilometer n\u00f6rdlich des\u00a0Polarkreises.<\/p>\n<p style=\"text-align: justify;\">Das Nordkap ist nicht der n\u00f6rdlichste Punkt Europas, aberein bedeutendes touristisches Reiseziel. Im Sommer gibt es f\u00fcr etwa zweieinhalb Monate die\u00a0Mitternachtssonne, im Winter dagegen gelangt die Sonne etwa zweieinhalb Monate lang auch tags\u00fcber nicht \u00fcber den Horizont.<\/p>\n<p style=\"text-align: justify;\"><a href=\"http:\/\/nordwind.info\/?attachment_id=300\" rel=\"attachment wp-att-300\"><img loading=\"lazy\" decoding=\"async\" class=\"size-full wp-image-300\" src=\"http:\/\/nordwind.info\/wp-content\/uploads\/2017\/08\/Nordkap-3.jpg\" alt=\"\" width=\"640\" height=\"444\" srcset=\"http:\/\/nordwind.info\/wp-content\/uploads\/2017\/08\/Nordkap-3.jpg 640w, http:\/\/nordwind.info\/wp-content\/uploads\/2017\/08\/Nordkap-3-300x208.jpg 300w\" sizes=\"auto, (max-width: 640px) 100vw, 640px\" \/><\/a><\/p>\n<\/div>\n","protected":false},"excerpt":{"rendered":"<p>Mit meinem Kumpel Helmut ging es am 04. August 1986 in Richtung Skandinavien. Nach einer wundersch\u00f6nen Tour entlang der Norwegischen Westk\u00fcste mit seinen Fjorden und Wasserf\u00e4llen erreichten wir am 11.08.1986 unser n\u00f6rdlichstes Ziel \u2013 das Nordkap. Das\u00a0Nordkap\u00a0(Nordkapplat\u00e5et)\u00a0ist ein steil aus &hellip; <a href=\"http:\/\/nordwind.info\/?p=297\">Weiterlesen <span class=\"meta-nav\">&rarr;<\/span><\/a><\/p>\n","protected":false},"author":1,"featured_media":0,"comment_status":"closed","ping_status":"closed","sticky":false,"template":"","format":"standard","meta":{"footnotes":""},"categories":[20,12],"tags":[],"class_list":["post-297","post","type-post","status-publish","format-standard","hentry","category-1986-nordkapnor","category-traveltours"],"_links":{"self":[{"href":"http:\/\/nordwind.info\/index.php?rest_route=\/wp\/v2\/posts\/297","targetHints":{"allow":["GET"]}}],"collection":[{"href":"http:\/\/nordwind.info\/index.php?rest_route=\/wp\/v2\/posts"}],"about":[{"href":"http:\/\/nordwind.info\/index.php?rest_route=\/wp\/v2\/types\/post"}],"author":[{"embeddable":true,"href":"http:\/\/nordwind.info\/index.php?rest_route=\/wp\/v2\/users\/1"}],"replies":[{"embeddable":true,"href":"http:\/\/nordwind.info\/index.php?rest_route=%2Fwp%2Fv2%2Fcomments&post=297"}],"version-history":[{"count":3,"href":"http:\/\/nordwind.info\/index.php?rest_route=\/wp\/v2\/posts\/297\/revisions"}],"predecessor-version":[{"id":303,"href":"http:\/\/nordwind.info\/index.php?rest_route=\/wp\/v2\/posts\/297\/revisions\/303"}],"wp:attachment":[{"href":"http:\/\/nordwind.info\/index.php?rest_route=%2Fwp%2Fv2%2Fmedia&parent=297"}],"wp:term":[{"taxonomy":"category","embeddable":true,"href":"http:\/\/nordwind.info\/index.php?rest_route=%2Fwp%2Fv2%2Fcategories&post=297"},{"taxonomy":"post_tag","embeddable":true,"href":"http:\/\/nordwind.info\/index.php?rest_route=%2Fwp%2Fv2%2Ftags&post=297"}],"curies":[{"name":"wp","href":"https:\/\/api.w.org\/{rel}","templated":true}]}}